[{"@context":"https:\/\/schema.org\/","@type":"Article","@id":"https:\/\/www.vekos.cz\/dlouha-a-draha-cesta-k-vysledku\/#Article","mainEntityOfPage":"https:\/\/www.vekos.cz\/dlouha-a-draha-cesta-k-vysledku\/","headline":"Dlouh\u00e1 a drah\u00e1 cesta k v\u00fdsledku","name":"Dlouh\u00e1 a drah\u00e1 cesta k v\u00fdsledku","description":"Rekonstrukce. To slovo v\u00e1m nah\u00e1n\u00ed hr\u016fzu, p\u0159esto\u017ee v\u00edte, \u017ee ve skute\u010dnosti skr\u00fdv\u00e1 to, co po \u010dem tou\u017e\u00edte. Zm\u011bnu, obnovu. V\u00e1\u0161 byt nebo d\u016fm po n\u00ed u\u017e vol\u00e1 tak, \u017ee to nep\u0159ehlu\u0161\u00ed ani nov\u00e1 barva \u010di tapety na zdech. U\u017e to chce opravdu n\u011bco hlub\u0161\u00edho. A tak jste se do toho pustili. Na va\u0161em hn\u00edzde\u010dku odm\u00edt\u00e1te [&hellip;]","datePublished":"2025-01-03","dateModified":"2025-01-03","author":{"@type":"Person","@id":"https:\/\/www.vekos.cz\/author\/#Person","name":"","url":"https:\/\/www.vekos.cz\/author\/","identifier":1,"image":{"@type":"ImageObject","@id":"https:\/\/secure.gravatar.com\/avatar\/c3c8c755425dd2471c09c708679d7ce7419edeb32b4db4bfbe1377eb9462fa49?s=96&d=mm&r=g","url":"https:\/\/secure.gravatar.com\/avatar\/c3c8c755425dd2471c09c708679d7ce7419edeb32b4db4bfbe1377eb9462fa49?s=96&d=mm&r=g","height":96,"width":96}},"publisher":{"@type":"Organization","name":"vekos.cz","logo":{"@type":"ImageObject","@id":"\/logo.png","url":"\/logo.png","width":600,"height":60}},"url":"https:\/\/www.vekos.cz\/dlouha-a-draha-cesta-k-vysledku\/","wordCount":176,"articleBody":" Rekonstrukce. To slovo v\u00e1m nah\u00e1n\u00ed hr\u016fzu, p\u0159esto\u017ee v\u00edte, \u017ee ve skute\u010dnosti skr\u00fdv\u00e1 to, co po \u010dem tou\u017e\u00edte. Zm\u011bnu, obnovu. V\u00e1\u0161 byt nebo d\u016fm po n\u00ed u\u017e vol\u00e1 tak, \u017ee to nep\u0159ehlu\u0161\u00ed ani nov\u00e1 barva \u010di tapety na zdech. U\u017e to chce opravdu n\u011bco hlub\u0161\u00edho. A tak jste se do toho pustili. Na va\u0161em hn\u00edzde\u010dku odm\u00edt\u00e1te \u0161et\u0159it, tou\u017e\u00edte po tom nejlep\u0161\u00edm, ale z\u00e1rove\u0148 si bolestn\u011b jasn\u011b uv\u011bdomujete, \u017ee to nejlep\u0161\u00ed v\u00e1s m\u016f\u017ee finan\u010dn\u011b zni\u010dit. Vysok\u00e1 kvalita a p\u0159\u00edjemn\u00e1 cena\u2026 to jsme my M\u00e1me pro v\u00e1s dobrou zpr\u00e1vu. S na\u0161imi interi\u00e9rov\u00fdmi dve\u0159mi budete jist\u011b spokojeni. Ru\u010d\u00edme v\u00e1m toti\u017e za prvot\u0159\u00eddn\u00ed kvalitu pou\u017eit\u00e9ho materi\u00e1lu a zpracov\u00e1n\u00ed. A to za v\u00edce ne\u017e p\u0159\u00edjemnou cenu, kter\u00e1 v\u00e1s pot\u011b\u0161\u00ed stejn\u011b, jako pohled na v\u00e1\u0161 \u201enov\u00fd\u201c domov, kter\u00fd se skr\u00fdv\u00e1 za zav\u0159en\u00fdmi dve\u0159mi.                                                                                                                                                                                                                                                                                                                                                                                                "},{"@context":"https:\/\/schema.org\/","@type":"BreadcrumbList","itemListElement":[{"@type":"ListItem","position":1,"name":"Dlouh\u00e1 a drah\u00e1 cesta k v\u00fdsledku","item":"https:\/\/www.vekos.cz\/dlouha-a-draha-cesta-k-vysledku\/#breadcrumbitem"}]}]