[{"@context":"https:\/\/schema.org\/","@type":"Article","@id":"https:\/\/www.vekos.cz\/horko-v-lete-se-da-zvladnout\/#Article","mainEntityOfPage":"https:\/\/www.vekos.cz\/horko-v-lete-se-da-zvladnout\/","headline":"Horko v l\u00e9t\u011b  se d\u00e1 zvl\u00e1dnout","name":"Horko v l\u00e9t\u011b  se d\u00e1 zvl\u00e1dnout","description":"V\u0161ichni jist\u011b zn\u00e1me situaci, kdy je venku opravdu vedro a my nem\u016f\u017eeme u\u017e skoro ani d\u00fdchat. Ka\u017ed\u00fd to ur\u010dit\u011b za\u017eil. Venku je to na \u00fapal a doma to nen\u00ed o nic lep\u0161\u00ed, jeliko\u017e m\u00e1me doma okna p\u0159\u00edmo proti slune\u010dn\u00edmu z\u00e1\u0159en\u00ed. A co teprve lidi \u017eij\u00edc\u00ed v panelov\u00e9m dom\u011b zcela v posledn\u00edm pat\u0159e? \u0160\u00edlen\u00e1 p\u0159edstava, \u017ee? [&hellip;]","datePublished":"2022-01-16","dateModified":"2023-06-05","author":{"@type":"Person","@id":"https:\/\/www.vekos.cz\/author\/#Person","name":"","url":"https:\/\/www.vekos.cz\/author\/","identifier":1,"image":{"@type":"ImageObject","@id":"https:\/\/secure.gravatar.com\/avatar\/c3c8c755425dd2471c09c708679d7ce7419edeb32b4db4bfbe1377eb9462fa49?s=96&d=mm&r=g","url":"https:\/\/secure.gravatar.com\/avatar\/c3c8c755425dd2471c09c708679d7ce7419edeb32b4db4bfbe1377eb9462fa49?s=96&d=mm&r=g","height":96,"width":96}},"publisher":{"@type":"Organization","name":"vekos.cz","logo":{"@type":"ImageObject","@id":"\/logo.png","url":"\/logo.png","width":600,"height":60}},"image":{"@type":"ImageObject","@id":"https:\/\/www.vekos.cz\/wp-content\/uploads\/klimatizace.jpeg","url":"https:\/\/www.vekos.cz\/wp-content\/uploads\/klimatizace.jpeg","height":0,"width":0},"url":"https:\/\/www.vekos.cz\/horko-v-lete-se-da-zvladnout\/","about":["V\u00fdrobky"],"wordCount":423,"articleBody":"        V\u0161ichni jist\u011b zn\u00e1me situaci, kdy je venku opravdu vedro a my nem\u016f\u017eeme u\u017e skoro ani d\u00fdchat. Ka\u017ed\u00fd to ur\u010dit\u011b za\u017eil. Venku je to na \u00fapal a doma to nen\u00ed o nic lep\u0161\u00ed, jeliko\u017e m\u00e1me doma okna p\u0159\u00edmo proti slune\u010dn\u00edmu z\u00e1\u0159en\u00ed. A co teprve lidi \u017eij\u00edc\u00ed v panelov\u00e9m dom\u011b zcela v posledn\u00edm pat\u0159e? \u0160\u00edlen\u00e1 p\u0159edstava, \u017ee? Jenom\u017ee to nen\u00ed poh\u00e1dka, ale realita. V l\u00e9t\u011b, kdy\u017e se \u010dlov\u011bk pa\u0159\u00ed a nev\u00ed, kam se m\u00e1 d\u0159\u00edv schovat, proto\u017ee nikde to nen\u00ed dosta\u010duj\u00edc\u00ed, pak jsme z toho akor\u00e1t tak podr\u00e1\u017ed\u011bn\u00ed a unaven\u00ed z ka\u017ed\u00e9 aktivity, kterou mus\u00edme vykonat. A co, kdy\u017e \u0159eknu, \u017ee se ji\u017e nemus\u00edte tr\u00e1pit? \u017de nemus\u00edte v\u017edy hledat n\u011bjak\u00e9 stinn\u00e9 m\u00edsto, abyste se chv\u00edli p\u0159ed \u00famorn\u00fdm teplem schovali? Ano, opravdu je to mo\u017en\u00e9. Klimatizace jako takov\u00e1 je skv\u011bl\u00fdm a nejlep\u0161\u00edm pomocn\u00edkem p\u0159i parn\u00fdch dnech. Je to vyn\u00e1lez prost\u011b k nezaplacen\u00ed. Ur\u010dit\u011b zn\u00e1te ten pocit, kdy je venku p\u0159es t\u0159icet stup\u0148\u016f, slun\u00ed\u010dko neskute\u010dn\u011b p\u00e1l\u00ed a vy si pust\u00edte klimatizaci v aut\u011b a r\u00e1zem je po probl\u00e9mu. Najednou v\u00e1m je p\u0159\u00edjemn\u011b a jen sleduje tonouc\u00ed chodce proch\u00e1zej\u00edc\u00ed kolem v\u00e1s. Ot\u00e1zkou je, kdy\u017e to jde v aut\u011b, tak pro\u010d byste se m\u011bli zbyte\u010dn\u011b tr\u00e1pit doma? Ano, i doma lze m\u00edt klimatizaci, v\u00fdborn\u00e9, \u017ee? Klimatizace Praha p\u0159ich\u00e1z\u00ed s velmi modern\u00edmi a kvalitn\u00edmi klimatizacemi od zaru\u010den\u00fdch v\u00fdrobc\u016f. S v\u00fdb\u011brem t\u00e9 prav\u00e9 klimatizace do va\u0161eho obydl\u00ed v\u00e1m velice r\u00e1di pomohou, aby byl v\u00fdsledek, co mo\u017en\u00e1 nej\u00fa\u010dinn\u011bj\u0161\u00ed. Pokud se rozhodnete zakoupit klimatizaci do domu zde, tak opravdu nebudete litovat, jeliko\u017e v\u00e1m klimatizaci i namontuj\u00ed a budou se o ni starat i nad\u00e1le formou r\u016fzn\u00e9ho pravideln\u00e9ho servisu i v dob\u011b ne\u010dekan\u00e9ho v\u00fdpadku. Samoz\u0159ejm\u011b, \u017ee za v\u0161\u00edm stoj\u00ed skute\u010dn\u00ed profesion\u00e1lov\u00e9. S rozhodnut\u00edm dlouho ne\u010dekejte, jeliko\u017e l\u00e9to tu bude co nevid\u011bt a pak budete litovat. Nejen\u017ee se budete c\u00edtit dob\u0159e a organismus se nebude zah\u0159\u00edvat, ale pro\u010dist\u00ed to i vzduch v dom\u00e1cnosti od v\u0161elijak\u00e9ho prachu, pilu i ne\u010distot. A to stoj\u00ed za to.                                                                                                                                                                                                                                                                                                                                                                                          4.2\/5 - (12 votes)        "},{"@context":"https:\/\/schema.org\/","@type":"BreadcrumbList","itemListElement":[{"@type":"ListItem","position":1,"name":"Horko v l\u00e9t\u011b  se d\u00e1 zvl\u00e1dnout","item":"https:\/\/www.vekos.cz\/horko-v-lete-se-da-zvladnout\/#breadcrumbitem"}]}]