[{"@context":"https:\/\/schema.org\/","@type":"Article","@id":"https:\/\/www.vekos.cz\/jak-to-vlastne-zacalo\/#Article","mainEntityOfPage":"https:\/\/www.vekos.cz\/jak-to-vlastne-zacalo\/","headline":"Jak to vlastn\u011b za\u010dalo","name":"Jak to vlastn\u011b za\u010dalo","description":"Pat\u0159\u00edte-li k\u00a0t\u011bm lidem, kter\u00e9 zaj\u00edm\u00e1 p\u016fvod a historie b\u011b\u017en\u00fdch v\u011bc\u00ed, pak V\u00e1s bude jist\u011b zaj\u00edmat i mal\u00fd zna\u010dkovac\u00ed strojek, kter\u00fd m\u00e1 obrovskou moc a s\u00edlu. V\u00edte, o \u010dem je \u0159e\u010d? O raz\u00edtku. Uv\u011bdomte si, \u017ee bez n\u011bj nem\u00e1te ani jednu \u00fa\u0159edn\u00ed listinu, kter\u00e1 t\u0159eba zaji\u0161\u0165uje Va\u0161e pr\u00e1va a n\u00e1roky, platnost. Tak je tento strojek mocn\u00fd! [&hellip;]","datePublished":"2024-01-26","dateModified":"2024-01-26","author":{"@type":"Person","@id":"https:\/\/www.vekos.cz\/author\/#Person","name":"","url":"https:\/\/www.vekos.cz\/author\/","identifier":1,"image":{"@type":"ImageObject","@id":"https:\/\/secure.gravatar.com\/avatar\/c3c8c755425dd2471c09c708679d7ce7419edeb32b4db4bfbe1377eb9462fa49?s=96&d=mm&r=g","url":"https:\/\/secure.gravatar.com\/avatar\/c3c8c755425dd2471c09c708679d7ce7419edeb32b4db4bfbe1377eb9462fa49?s=96&d=mm&r=g","height":96,"width":96}},"publisher":{"@type":"Organization","name":"vekos.cz","logo":{"@type":"ImageObject","@id":"\/logo.png","url":"\/logo.png","width":600,"height":60}},"url":"https:\/\/www.vekos.cz\/jak-to-vlastne-zacalo\/","wordCount":269,"articleBody":"Pat\u0159\u00edte-li k\u00a0t\u011bm lidem, kter\u00e9 zaj\u00edm\u00e1 p\u016fvod a historie b\u011b\u017en\u00fdch v\u011bc\u00ed, pak V\u00e1s bude jist\u011b zaj\u00edmat i mal\u00fd zna\u010dkovac\u00ed strojek, kter\u00fd m\u00e1 obrovskou moc a s\u00edlu. V\u00edte, o \u010dem je \u0159e\u010d? O raz\u00edtku. Uv\u011bdomte si, \u017ee bez n\u011bj nem\u00e1te ani jednu \u00fa\u0159edn\u00ed listinu, kter\u00e1 t\u0159eba zaji\u0161\u0165uje Va\u0161e pr\u00e1va a n\u00e1roky, platnost. Tak je tento strojek mocn\u00fd! Respektive jeho otisk. A kdy to v\u0161echno za\u010dalo? Objevem pry\u017ee neboli gumy. Jej\u00edm dal\u0161\u00edm problematick\u00fdm upravov\u00e1n\u00edm se prvn\u00ed zna\u010dkovac\u00ed za\u0159\u00edzen\u00ed datuj\u00ed do poloviny 19. stolet\u00ed, kdy byl vy\u017eadov\u00e1n u ka\u017ed\u00e9 \u00fa\u0159edn\u00ed p\u00edsemnosti precizn\u00ed z\u00e1pis data, jm\u00e9na a podpisu. V\u011b\u0159te, \u017ee to bylo velmi zdlouhav\u00e9 a pomal\u00e9. A tak to vlastn\u011b v\u0161echno za\u010dalo.\tJak to bylo u n\u00e1sJe\u0161t\u011b doned\u00e1vna byla v\u00fdroba raz\u00edtek v\u00a0na\u0161\u00ed zemi tak zdlouhav\u00fd proces, \u017ee na n\u011bkter\u00e9 typy se \u010dekalo i n\u011bkolik m\u011bs\u00edc\u016f. T\u011b\u017eko uv\u011b\u0159iteln\u00e9, \u017ee? Teprve v\u00a090. letech minul\u00e9ho stolet\u00ed se za\u010dala ru\u010dn\u00ed pr\u00e1ce prom\u011b\u0148ovat ve strojovou. T\u00edm se cel\u00fd proces zrychlil. D\u00edky tomu m\u016f\u017ee dnes z\u00e1kazn\u00edk sv\u00e9 zna\u010dkovac\u00ed za\u0159\u00edzen\u00ed obdr\u017eet druh\u00fd den. A v\u00a0p\u0159\u00edpad\u011b pot\u0159eby si nech\u00e1 vytvo\u0159it i takov\u00e9 mal\u00e9 kapesn\u00ed, na cesty. A \u017ee u\u017e maj\u00ed v\u00a0sob\u011b nam\u00e1\u010dec\u00ed syst\u00e9m, tak\u017ee nepot\u0159ebujete pol\u0161t\u00e1\u0159ek k\u00a0nam\u00e1\u010den\u00ed, je naprost\u00e1 b\u011b\u017enost.                                                                                                                                                                                                                                                                                                                                                                                        4\/5 - (3 votes)        "},{"@context":"https:\/\/schema.org\/","@type":"BreadcrumbList","itemListElement":[{"@type":"ListItem","position":1,"name":"Jak to vlastn\u011b za\u010dalo","item":"https:\/\/www.vekos.cz\/jak-to-vlastne-zacalo\/#breadcrumbitem"}]}]