[{"@context":"https:\/\/schema.org\/","@type":"Article","@id":"https:\/\/www.vekos.cz\/kdo-by-mohl-vyuzit-sluzeb-nejlevnejsi-autopujcovny-v-praze\/#Article","mainEntityOfPage":"https:\/\/www.vekos.cz\/kdo-by-mohl-vyuzit-sluzeb-nejlevnejsi-autopujcovny-v-praze\/","headline":"Kdo by mohl vyu\u017e\u00edt slu\u017eeb nejlevn\u011bj\u0161\u00ed autop\u016fj\u010dovny v Praze","name":"Kdo by mohl vyu\u017e\u00edt slu\u017eeb nejlevn\u011bj\u0161\u00ed autop\u016fj\u010dovny v Praze","description":"Nem\u00e1m auto \u2013 n\u011bkter\u00fdm lidem se nevyplat\u00ed vlastnit osobn\u00ed automobil, nap\u0159\u00edklad pokud bydl\u00ed v Praze, do zam\u011bstn\u00e1n\u00ed chod\u00ed p\u011b\u0161ky nebo cestuj\u00ed jednu \u010di dv\u011b stanice metrem, nakupuj\u00ed potraviny a spot\u0159ebn\u00ed zbo\u017e\u00ed p\u0159ev\u00e1\u017en\u011b s odvozem dom\u016f a v\u011bt\u0161inu \u010dasu tr\u00e1v\u00ed doma a pouze o v\u00edkendech nebo v dob\u011b dovolen\u00e9 vycestuj\u00ed do p\u0159\u00edrody. Pro tyto situace vyu\u017eij\u00ed [&hellip;]","datePublished":"2024-12-14","dateModified":"2024-12-14","author":{"@type":"Person","@id":"https:\/\/www.vekos.cz\/author\/#Person","name":"","url":"https:\/\/www.vekos.cz\/author\/","identifier":1,"image":{"@type":"ImageObject","@id":"https:\/\/secure.gravatar.com\/avatar\/c3c8c755425dd2471c09c708679d7ce7419edeb32b4db4bfbe1377eb9462fa49?s=96&d=mm&r=g","url":"https:\/\/secure.gravatar.com\/avatar\/c3c8c755425dd2471c09c708679d7ce7419edeb32b4db4bfbe1377eb9462fa49?s=96&d=mm&r=g","height":96,"width":96}},"publisher":{"@type":"Organization","name":"vekos.cz","logo":{"@type":"ImageObject","@id":"\/logo.png","url":"\/logo.png","width":600,"height":60}},"image":{"@type":"ImageObject","@id":"https:\/\/www.vekos.cz\/wp-content\/uploads\/highway-1277246_640_1.jpg","url":"https:\/\/www.vekos.cz\/wp-content\/uploads\/highway-1277246_640_1.jpg","height":0,"width":0},"url":"https:\/\/www.vekos.cz\/kdo-by-mohl-vyuzit-sluzeb-nejlevnejsi-autopujcovny-v-praze\/","about":["Web"],"wordCount":393,"articleBody":"       Nem\u00e1m auto \u2013 n\u011bkter\u00fdm lidem se nevyplat\u00ed vlastnit osobn\u00ed automobil, nap\u0159\u00edklad pokud bydl\u00ed v Praze, do zam\u011bstn\u00e1n\u00ed chod\u00ed p\u011b\u0161ky nebo cestuj\u00ed jednu \u010di dv\u011b stanice metrem, nakupuj\u00ed potraviny a spot\u0159ebn\u00ed zbo\u017e\u00ed p\u0159ev\u00e1\u017en\u011b s odvozem dom\u016f a v\u011bt\u0161inu \u010dasu tr\u00e1v\u00ed doma a pouze o v\u00edkendech nebo v dob\u011b dovolen\u00e9 vycestuj\u00ed do p\u0159\u00edrody. Pro tyto situace vyu\u017eij\u00ed slu\u017eeb autop\u016fj\u010dovny, odpadnou jim zbyte\u010dn\u00e9 poplatky za parkov\u00e1n\u00ed, povinn\u00e9 ru\u010den\u00ed, d\u00e1lni\u010dn\u00ed zn\u00e1mky, servisn\u00ed prohl\u00eddky, n\u00e1hradn\u00ed d\u00edly, v\u00fdm\u011bna pneumatik a provozn\u00edch kapalin a tak\u00e9 stres spojen\u00fd s provozem a \u00fadr\u017ebou vlastn\u00edho vozidla.Auto v servisu \u2013 vyu\u017e\u00edv\u00e1te sv\u016fj v\u016fz pro podnik\u00e1n\u00ed, nap\u0159\u00edklad rozv\u00e1\u017e\u00edte zeleninu od drobn\u00fdch p\u011bstitel\u016f, prov\u00e1d\u00edte mas\u00e9rsk\u00e9 a pedik\u00e9rsk\u00e9 slu\u017eby v domech pro seniory, zaji\u0161\u0165ujete \u0161kolen\u00ed zam\u011bstnanc\u016f bezpe\u010dnosti pr\u00e1ce \u010di po\u017e\u00e1rn\u00ed ochrany atp.? Pak se v\u00e1m m\u016f\u017ee hodit nejlevn\u011bj\u0161\u00ed autop\u016fj\u010dovna v Praze v situaci, \u017ee je v\u00e1\u0161 v\u016fz v servisn\u00ed oprav\u011b nebo jste s n\u00edm havarovali. M\u00edt k dispozici n\u00e1hradn\u00ed vozidlo je pro n\u011bkter\u00e9 podnikatelsk\u00e9 subjekty kl\u00ed\u010dov\u00e9, nebo\u0165 na tom z\u00e1vis\u00ed jejich v\u00fdd\u011blek a provoz samotn\u00e9 firmy.N\u00e1v\u0161t\u011bva ze zahrani\u010d\u00ed \u2013 p\u0159edstavte si, \u017ee k v\u00e1m m\u00ed\u0159\u00ed ze zahrani\u010d\u00ed va\u0161i p\u0159\u00e1tel\u00e9 a vy je\u0161t\u011b nem\u00e1te promy\u0161len\u00fd vhodn\u00fd program voln\u00fdch dn\u016f. Jistou mo\u017enost\u00ed je pronajmout si v\u016fz p\u0159\u00edmo na ruzy\u0148sk\u00e9m leti\u0161ti, nap\u0159\u00edklad mikrobus pro dev\u011bt osob v\u010detn\u011b \u0159idi\u010de, a vycestovat s n\u00edm za p\u0159\u00edrodou a architektonick\u00fdmi pam\u00e1tkami na\u0161\u00ed zem\u011b ve St\u0159edo\u010desk\u00e9m kraji, nap\u0159\u00edklad na hrady K\u0159ivokl\u00e1t a Karl\u0161tejn, \u010cesk\u00fd \u0160ternberk nebo Koko\u0159\u00edn, k M\u00e1chovu jezeru, do Pos\u00e1zav\u00ed, k \u0159ece Berounce a do k\u0159ivokl\u00e1tsk\u00fdch les\u016f anebo do \u010cesk\u00e9ho st\u0159edoho\u0159\u00ed. Tato m\u00edsta pat\u0159\u00ed k nejkr\u00e1sn\u011bj\u0161\u00edm a nejzaj\u00edmav\u011bj\u0161\u00edm klenot\u016fm \u010cesk\u00e9 republiky a turist\u00e9 ze zahrani\u010d\u00ed tak nebudou v\u00e1z\u00e1ni pouze na prohl\u00eddku Prahy a mohou obdivovat i oblasti m\u00e9n\u011b zn\u00e1m\u00e9, p\u0159itom velmi atraktivn\u00ed.                                                                                                                                                                                                                                                                                                                                                                                          5\/5 - (1 vote)        "},{"@context":"https:\/\/schema.org\/","@type":"BreadcrumbList","itemListElement":[{"@type":"ListItem","position":1,"name":"Kdo by mohl vyu\u017e\u00edt slu\u017eeb nejlevn\u011bj\u0161\u00ed autop\u016fj\u010dovny v Praze","item":"https:\/\/www.vekos.cz\/kdo-by-mohl-vyuzit-sluzeb-nejlevnejsi-autopujcovny-v-praze\/#breadcrumbitem"}]}]