[{"@context":"https:\/\/schema.org\/","@type":"Article","@id":"https:\/\/www.vekos.cz\/kraj-vysocina\/#Article","mainEntityOfPage":"https:\/\/www.vekos.cz\/kraj-vysocina\/","headline":"Kraj Vyso\u010dina","name":"Kraj Vyso\u010dina","description":"Kl\u00e1\u0161ter \u017d\u010f\u00e1r nad S\u00e1zavou Le\u017e\u00ed ve stejnojmenn\u00e9m m\u011bst\u011b p\u0159esn\u011b na hranici \u010cechy-Morava. Byl nap\u0159ed vystaven v&nbsp;barokn\u00edm stylu a a\u017e pozd\u011bji p\u0159estav\u011bn do baroka. P\u0159esn\u011bji v\u00fdstavba za\u010dala v&nbsp;roce 1252. Bohu\u017eel za dob husit\u016f byla budova vyp\u00e1len\u00e1 a a\u017e pozd\u011bji byl opraven. Dal\u0161\u00ed po\u017e\u00e1r nastal roku 1784 a pot\u00e9 p\u0159ed\u00e1n do n\u00e1bo\u017eensk\u00e9ho fondu. N\u011bkolik budov bylo obnoveno, [&hellip;]","datePublished":"2019-08-04","dateModified":"2023-06-05","author":{"@type":"Person","@id":"https:\/\/www.vekos.cz\/author\/#Person","name":"","url":"https:\/\/www.vekos.cz\/author\/","identifier":1,"image":{"@type":"ImageObject","@id":"https:\/\/secure.gravatar.com\/avatar\/c3c8c755425dd2471c09c708679d7ce7419edeb32b4db4bfbe1377eb9462fa49?s=96&d=mm&r=g","url":"https:\/\/secure.gravatar.com\/avatar\/c3c8c755425dd2471c09c708679d7ce7419edeb32b4db4bfbe1377eb9462fa49?s=96&d=mm&r=g","height":96,"width":96}},"publisher":{"@type":"Organization","name":"vekos.cz","logo":{"@type":"ImageObject","@id":"\/logo.png","url":"\/logo.png","width":600,"height":60}},"image":{"@type":"ImageObject","@id":"https:\/\/www.vekos.cz\/wp-content\/uploads\/img_a353157_w3268_t1567346647.jpg","url":"https:\/\/www.vekos.cz\/wp-content\/uploads\/img_a353157_w3268_t1567346647.jpg","height":0,"width":0},"url":"https:\/\/www.vekos.cz\/kraj-vysocina\/","about":["Kultura"],"wordCount":416,"articleBody":"Kl\u00e1\u0161ter \u017d\u010f\u00e1r nad S\u00e1zavou\tLe\u017e\u00ed ve stejnojmenn\u00e9m m\u011bst\u011b p\u0159esn\u011b na hranici \u010cechy-Morava. Byl nap\u0159ed vystaven v&nbsp;barokn\u00edm stylu a a\u017e pozd\u011bji p\u0159estav\u011bn do baroka. P\u0159esn\u011bji v\u00fdstavba za\u010dala v&nbsp;roce 1252. Bohu\u017eel za dob husit\u016f byla budova vyp\u00e1len\u00e1 a a\u017e pozd\u011bji byl opraven. Dal\u0161\u00ed po\u017e\u00e1r nastal roku 1784 a pot\u00e9 p\u0159ed\u00e1n do n\u00e1bo\u017eensk\u00e9ho fondu. N\u011bkolik budov bylo obnoveno, jen nejstar\u0161\u00ed \u010d\u00e1sti d\u00e1le ch\u00e1trali. D\u00e1le se z&nbsp;n\u011bho stal z\u00e1mek, kter\u00fd je nyn\u00ed rekonstruov\u00e1n. Dnes je zde velice zaj\u00edmav\u00e9 Muzeum nov\u00e9 generace, co\u017e je muzeum s&nbsp;interaktivn\u00edmi prvky. M\u016f\u017eete zde nav\u0161t\u00edvit r\u016fzn\u00e9 kulturn\u00ed akce, ze kter\u00fdch si m\u016f\u017eete opravdu vyb\u00edrat. Tak\u00e9 je zde n\u011bkolik \u00fachvatn\u00fdch expozic.\t\tMuzeum Vyso\u010diny Pelh\u0159imov\tNach\u00e1z\u00ed se p\u0159\u00edmo v&nbsp;pelh\u0159imovsk\u00e9m z\u00e1mku, kter\u00e9 le\u017e\u00ed na Masarykov\u011b n\u00e1m\u011bst\u00ed. Postaveno bylo roku 1901, ale st\u00e1l\u00fd chod byl zaveden o n\u011bco pozd\u011bji. Je zde celkem \u0161est expozic nejen o historii. Pokud m\u00e1te r\u00e1di historii, tak je zde speci\u00e1ln\u011b historick\u00e1 expozice. Dal\u0161\u00ed zaj\u00edmavou v\u00fdstavou je M\u011bstsk\u00e1 \u0161atlava, kter\u00e1 je zam\u011b\u0159en\u00e1 na mu\u010den\u00ed popravy a dal\u0161\u00ed v\u011bci tohoto druhu. P\u0159es hlavn\u00ed sez\u00f3nu je zde otev\u0159eno od 9:00 do 17:00. Vstupenka pro dosp\u011bl\u00e9ho je za cenu 40 K\u010d a d\u00edt\u011b zaplat\u00ed o polovinu m\u00e9n\u011b. M\u016f\u017eete si zde i pronajmou freskov\u00fd s\u00e1l pro svatebn\u00ed ob\u0159ad, za kter\u00fd utrat\u00edte jen 1&nbsp;000 K\u010d.\t\tBazilika svat\u00e9ho Prokopa\tPoch\u00e1z\u00ed z&nbsp;roku 1101, co\u017e je opravdu \u00factyhodn\u00e9. Nap\u0159ed tady st\u00e1la pouze kaple a a\u017e potom samotn\u00fd kostel. Okolo 13. stolet\u00ed kostel st\u00e1le bohatl, co\u017e umo\u017enilo p\u0159estavbu roku 1240 na pevnost. V&nbsp;minul\u00e9m roce st\u00e1le pokra\u010dovala oprava baziliky. Tento rok se dokonce opravuje st\u0159e\u0161n\u00ed krytina a galerie. V&nbsp;budov\u011b je mnoho estetick\u00fdch a funk\u010dn\u00edch prvk\u016f. Hlavn\u00ed doba t\u00e9to baziliky byla ve dvou slohov\u00fdch obdob\u00edch. T\u011bmi jsou rom\u00e1nsk\u00fd a gotick\u00fd. V&nbsp;bazilice pravideln\u011b ka\u017ed\u00fd den prob\u00edhaj\u00ed bohoslu\u017eby, kter\u00fdch se m\u016f\u017eete z\u00fa\u010dastnit. Vstupn\u00e9 za prohl\u00eddku je zde celkem levn\u00e9, tak\u017ee se nemus\u00edte b\u00e1t. Cel\u00e1 prohl\u00eddka V\u00e1m potrv\u00e1 zhruba p\u0159es p\u016fl hodiny.                                                                                                                                                                                                                                                                                                                                                                                        4.4\/5 - (10 votes)        "},{"@context":"https:\/\/schema.org\/","@type":"BreadcrumbList","itemListElement":[{"@type":"ListItem","position":1,"name":"Kraj Vyso\u010dina","item":"https:\/\/www.vekos.cz\/kraj-vysocina\/#breadcrumbitem"}]}]