[{"@context":"https:\/\/schema.org\/","@type":"Article","@id":"https:\/\/www.vekos.cz\/kuchynske-linky\/#Article","mainEntityOfPage":"https:\/\/www.vekos.cz\/kuchynske-linky\/","headline":"Kuchy\u0148sk\u00e9 linky","name":"Kuchy\u0148sk\u00e9 linky","description":"Nab\u00edz\u00edme \u0161irok\u00fd v\u00fdb\u011br n\u00e1bytku a kuchy\u0148sk\u00e9 linky. Dne\u0161n\u00edmi trendy v za\u0159izov\u00e1n\u00ed kuchyn\u00ed jsou spojen\u00ed kuchyn\u011b s ob\u00fdvac\u00edm prostorem a ostatn\u00edmi \u010d\u00e1stmi bytu. To vy\u017eaduje i ur\u010dit\u00fd des\u00e9nov\u00fd soulad t\u011bchto spojen\u00fdch \u010d\u00e1st\u00ed. Materi\u00e1ly pou\u017eit\u00e9 v kuchyni by m\u011bly ladit s ostatn\u00edm vybaven\u00edm. V dne\u0161n\u00ed dob\u011b se u kuchy\u0148sk\u00e9 linky vyr\u00e1b\u011bj\u00ed z mnoha materi\u00e1l\u016f. Mohou to b\u00fdt [&hellip;]","datePublished":"2024-12-27","dateModified":"2024-12-27","author":{"@type":"Person","@id":"https:\/\/www.vekos.cz\/author\/#Person","name":"","url":"https:\/\/www.vekos.cz\/author\/","identifier":1,"image":{"@type":"ImageObject","@id":"https:\/\/secure.gravatar.com\/avatar\/c3c8c755425dd2471c09c708679d7ce7419edeb32b4db4bfbe1377eb9462fa49?s=96&d=mm&r=g","url":"https:\/\/secure.gravatar.com\/avatar\/c3c8c755425dd2471c09c708679d7ce7419edeb32b4db4bfbe1377eb9462fa49?s=96&d=mm&r=g","height":96,"width":96}},"publisher":{"@type":"Organization","name":"vekos.cz","logo":{"@type":"ImageObject","@id":"\/logo.png","url":"\/logo.png","width":600,"height":60}},"url":"https:\/\/www.vekos.cz\/kuchynske-linky\/","wordCount":167,"articleBody":"Nab\u00edz\u00edme \u0161irok\u00fd v\u00fdb\u011br n\u00e1bytku a kuchy\u0148sk\u00e9 linky. Dne\u0161n\u00edmi trendy v za\u0159izov\u00e1n\u00ed kuchyn\u00ed jsou spojen\u00ed kuchyn\u011b s ob\u00fdvac\u00edm prostorem a ostatn\u00edmi \u010d\u00e1stmi bytu. To vy\u017eaduje i ur\u010dit\u00fd des\u00e9nov\u00fd soulad t\u011bchto spojen\u00fdch \u010d\u00e1st\u00ed. Materi\u00e1ly pou\u017eit\u00e9 v kuchyni by m\u011bly ladit s ostatn\u00edm vybaven\u00edm. V dne\u0161n\u00ed dob\u011b se u kuchy\u0148sk\u00e9 linky vyr\u00e1b\u011bj\u00ed z mnoha materi\u00e1l\u016f. Mohou to b\u00fdt nap\u0159\u00edklad laminovan\u00e1 dv\u00ed\u0159ka vakuov\u011b pota\u017een\u00e1 f\u00f3li\u00ed, lakovan\u00e1, d\u00fdhovan\u00e1 \u010di masivn\u00ed. Pracovn\u00ed desky mohou b\u00fdt zhotoveny tak\u00e9 z mnoha r\u016fzn\u00fdch praktick\u00fdch materi\u00e1l\u016f. Je na ka\u017ed\u00e9m, co si vybere. Dopl\u0148ky Ke kuchy\u0148sk\u00e9 linky m\u00e1me v nab\u00eddce i mnoho p\u0159\u00edslu\u0161enstv\u00ed, nap\u0159\u00edklad d\u0159ezy, zpomalova\u010de ke sk\u0159\u00ed\u0148k\u00e1m, z\u00e1v\u011bsn\u00e9 li\u0161ty, spojovac\u00ed li\u0161ty, teleskopick\u00e9 ty\u010de pro sk\u0159\u00ed\u0148ky mnoh\u00e9 dal\u0161\u00ed.                                                                                                                                                                                                                                                                                                                                                                                        5\/5 - (2 votes)        "},{"@context":"https:\/\/schema.org\/","@type":"BreadcrumbList","itemListElement":[{"@type":"ListItem","position":1,"name":"Kuchy\u0148sk\u00e9 linky","item":"https:\/\/www.vekos.cz\/kuchynske-linky\/#breadcrumbitem"}]}]