[{"@context":"https:\/\/schema.org\/","@type":"Article","@id":"https:\/\/www.vekos.cz\/na-velkou-oslavu-velke-vybaveni\/#Article","mainEntityOfPage":"https:\/\/www.vekos.cz\/na-velkou-oslavu-velke-vybaveni\/","headline":"Na velkou oslavu velk\u00e9 vybaven\u00ed","name":"Na velkou oslavu velk\u00e9 vybaven\u00ed","description":"To posledn\u00ed ale, co byste m\u011bli d\u011blat, je panika\u0159it. To v\u00e1m toti\u017e \u017e\u00e1dn\u00fdm zp\u016fsobem nepom\u016f\u017ee, proto mus\u00edte postupovat jednotliv\u011b. Jestli\u017ee tedy padla na va\u0161e bedra organizace n\u011bjak\u00e9 velk\u00e9 oslavy nebo \u017eivotn\u00edho jubilea va\u0161ich prarodi\u010d\u016f nebo chyst\u00e1te svoj\u00ed vlastn\u00ed svatbu, mus\u00edte si tedy uv\u011bdomit nejd\u0159\u00edve, na jak\u00e9m to ud\u011bl\u00e1te m\u00edst\u011b, proto\u017ee od toho se bude odv\u00edjet [&hellip;]","datePublished":"2023-08-29","dateModified":"2023-10-10","author":{"@type":"Person","@id":"https:\/\/www.vekos.cz\/author\/#Person","name":"","url":"https:\/\/www.vekos.cz\/author\/","identifier":1,"image":{"@type":"ImageObject","@id":"https:\/\/secure.gravatar.com\/avatar\/c3c8c755425dd2471c09c708679d7ce7419edeb32b4db4bfbe1377eb9462fa49?s=96&d=mm&r=g","url":"https:\/\/secure.gravatar.com\/avatar\/c3c8c755425dd2471c09c708679d7ce7419edeb32b4db4bfbe1377eb9462fa49?s=96&d=mm&r=g","height":96,"width":96}},"publisher":{"@type":"Organization","name":"vekos.cz","logo":{"@type":"ImageObject","@id":"\/logo.png","url":"\/logo.png","width":600,"height":60}},"image":{"@type":"ImageObject","@id":"https:\/\/www.vekos.cz\/wp-content\/uploads\/svatba_10_10_8.jpg","url":"https:\/\/www.vekos.cz\/wp-content\/uploads\/svatba_10_10_8.jpg","height":0,"width":0},"url":"https:\/\/www.vekos.cz\/na-velkou-oslavu-velke-vybaveni\/","about":["Web"],"wordCount":408,"articleBody":"   To posledn\u00ed ale, co byste m\u011bli d\u011blat, je panika\u0159it. To v\u00e1m toti\u017e \u017e\u00e1dn\u00fdm zp\u016fsobem nepom\u016f\u017ee, proto mus\u00edte postupovat jednotliv\u011b. Jestli\u017ee tedy padla na va\u0161e bedra organizace n\u011bjak\u00e9 velk\u00e9 oslavy nebo \u017eivotn\u00edho jubilea va\u0161ich prarodi\u010d\u016f nebo chyst\u00e1te svoj\u00ed vlastn\u00ed svatbu, mus\u00edte si tedy uv\u011bdomit nejd\u0159\u00edve, na jak\u00e9m to ud\u011bl\u00e1te m\u00edst\u011b, proto\u017ee od toho se bude odv\u00edjet v\u0161echno dal\u0161\u00ed. Pokud to bude oslava na cel\u00fd den, bylo by dobr\u00e9 tam m\u00edt k dispozici n\u011bjak\u00fd tane\u010dn\u00ed parket, kde by se mohli v\u0161ichni host\u00e9 vy\u0159\u00e1dit. Ale co s t\u00edm, kdy\u017e to chcete ud\u011blat n\u011bkde venku nebo na zahrad\u011b n\u011bjak\u00e9ho statku, \u010di na \u00fapln\u00e9 louce? To pravd\u011bpodobn\u011b budete cht\u00edt naj\u00edt co nejv\u00fdhodn\u011bj\u0161\u00ed pron\u00e1jem p\u00e1rty stanu. M\u016f\u017ee se jednat samoz\u0159ejm\u011b t\u0159eba o p\u0159idru\u017een\u00fd p\u0159\u00edst\u0159e\u0161ek k n\u011bjak\u00e9mu vnit\u0159n\u00edmu, kter\u00fd poskytne dostatek prostoru pro pohyb lid\u00ed, kte\u0159\u00ed nebudou limitov\u00e1ni jenom vnit\u0159n\u00edmi prostory, proto\u017ee asi jak v\u00edte, na svatb\u00e1ch nebo velk\u00fdch oslav\u00e1ch to velmi proud\u00ed a lid\u00e9 necht\u011bj\u00ed sed\u011bt jenom na jednom m\u00edst\u011b, ale cht\u011bj\u00ed se bavit. Te\u010f je\u0161t\u011b aby to m\u011blo n\u011bjak\u00fd reprezentativn\u00ed vzhled a n\u011bco to vydr\u017eelo, kdyby p\u0159i\u0161la n\u011bjak\u00e1 letn\u00ed bou\u0159ka, kter\u00e1 se objev\u00ed znenad\u00e1n\u00ed. Od tohoto jsou tu Partystany AZ, kte\u0159\u00ed v\u00e1m stany p\u0159ivezou, postav\u00ed a dodaj\u00ed t\u0159eba i dal\u0161\u00ed p\u0159\u00edslu\u0161enstv\u00ed, pokud m\u00e1te nap\u0159\u00edklad z\u00e1jem o baldach\u00fdny nebo popt\u00e1v\u00e1te i stoly, jak barov\u00e9, tak j\u00eddeln\u00ed nebo i \u017eidle nen\u00ed probl\u00e9m. Samoz\u0159ejm\u011b ka\u017ed\u00fd nemus\u00ed sh\u00e1n\u011bt velkokapacitn\u00ed p\u0159\u00edst\u0159e\u0161ek, ale popt\u00e1v\u00e1 i n\u016f\u017ekov\u00fd stan t\u0159eba na n\u011bjak\u00fd jarmark venkovn\u00ed, pod kter\u00fd by mohl um\u00edstit sv\u016fj prodejn\u00ed st\u00e1nek \u010di m\u00edsto. Ani to nen\u00ed probl\u00e9m. Vyberte si mezi dostupn\u00fdmi rozm\u011bry jako jsou 3 x 3 metry nebo a\u017e 6 x 6 m. Jedn\u00e1 se o pevn\u011b profilovan\u00e9 p\u0159\u00edst\u0159e\u0161ky, na kter\u00e9 se budete moci spolehnout v p\u0159\u00edpad\u011b nep\u0159\u00edzn\u011b po\u010das\u00ed nebo \u017e\u00e1ru hork\u00e9ho slun\u00ed\u010dka. Tento n\u016f\u017ekov\u00fd typ je nav\u00edc velmi rychle dod\u00e1n a smontov\u00e1n.                                                                                                                                                                                                                                                                                                                                                                                           3.6\/5 - (9 votes)        "},{"@context":"https:\/\/schema.org\/","@type":"BreadcrumbList","itemListElement":[{"@type":"ListItem","position":1,"name":"Na velkou oslavu velk\u00e9 vybaven\u00ed","item":"https:\/\/www.vekos.cz\/na-velkou-oslavu-velke-vybaveni\/#breadcrumbitem"}]}]