[{"@context":"https:\/\/schema.org\/","@type":"Article","@id":"https:\/\/www.vekos.cz\/prekvapte-sve-hosty\/#Article","mainEntityOfPage":"https:\/\/www.vekos.cz\/prekvapte-sve-hosty\/","headline":"P\u0159ekvapte sv\u00e9 hosty","name":"P\u0159ekvapte sv\u00e9 hosty","description":"Pl\u00e1nujete velkou svatbu, kde budete m\u00edt mnoho host\u016f, a na kter\u00e9 chcete zap\u016fsobit t\u00edm nejlep\u0161\u00edm dojmem? M\u00e1te ale mnoho starost\u00ed a nev\u00edte, zdali p\u0159es to v\u0161e vyberete ty nejlep\u0161\u00ed svatebn\u00ed \u0161aty? Jestli\u017ee ano, a pot\u0159ebovaly byste poradit, m\u016f\u017eete nav\u0161t\u00edvit salon, kter\u00fd v\u00e1m pom\u016f\u017ee s v\u00fdb\u011brem, ale tak\u00e9 v\u00e1s ujist\u00ed v mnoh\u00fdch dal\u0161\u00edch z\u00e1le\u017eitostech. Bude to [&hellip;]","datePublished":"2023-06-13","dateModified":"2024-06-17","author":{"@type":"Person","@id":"https:\/\/www.vekos.cz\/author\/#Person","name":"","url":"https:\/\/www.vekos.cz\/author\/","identifier":1,"image":{"@type":"ImageObject","@id":"https:\/\/secure.gravatar.com\/avatar\/c3c8c755425dd2471c09c708679d7ce7419edeb32b4db4bfbe1377eb9462fa49?s=96&d=mm&r=g","url":"https:\/\/secure.gravatar.com\/avatar\/c3c8c755425dd2471c09c708679d7ce7419edeb32b4db4bfbe1377eb9462fa49?s=96&d=mm&r=g","height":96,"width":96}},"publisher":{"@type":"Organization","name":"vekos.cz","logo":{"@type":"ImageObject","@id":"\/logo.png","url":"\/logo.png","width":600,"height":60}},"url":"https:\/\/www.vekos.cz\/prekvapte-sve-hosty\/","wordCount":248,"articleBody":"Pl\u00e1nujete velkou svatbu, kde budete m\u00edt mnoho host\u016f, a na kter\u00e9 chcete zap\u016fsobit t\u00edm nejlep\u0161\u00edm dojmem? M\u00e1te ale mnoho starost\u00ed a nev\u00edte, zdali p\u0159es to v\u0161e vyberete ty nejlep\u0161\u00ed svatebn\u00ed \u0161aty? Jestli\u017ee ano, a pot\u0159ebovaly byste poradit, m\u016f\u017eete nav\u0161t\u00edvit salon, kter\u00fd v\u00e1m pom\u016f\u017ee s v\u00fdb\u011brem, ale tak\u00e9 v\u00e1s ujist\u00ed v mnoh\u00fdch dal\u0161\u00edch z\u00e1le\u017eitostech. Bude to nejenom u\u0161et\u0159en\u00ed va\u0161ich starost\u00ed, ale hlavn\u011b \u00faspora \u010dasu, proto\u017ee na tuto slo\u017eitou z\u00e1le\u017eitost nebudete sami. V\u011bt\u0161ina \u017een si sama \u0161aty stejn\u011b nevyb\u00edr\u00e1, proto\u017ee by se nemohla objektivn\u011b zhodnotit.Pomoc se v\u017edy hod\u00edStejn\u011b tak, jak chcete sv\u00fdm host\u016fm uspo\u0159\u00e1dat tu nejlep\u0161\u00ed ud\u00e1lost a dop\u0159\u00e1t jim to nejlep\u0161\u00ed, i pracovn\u00edci salon\u016f pro v\u00e1s ud\u011blaj\u00ed maximum, abyste se mohla c\u00edtit pohodln\u011b, kr\u00e1sn\u00e1 a zkr\u00e1tka sv\u00e1. Ka\u017ed\u00e1 \u017eena, bez ohledu na vzhled, velikost oble\u010den\u00ed anebo t\u0159eba st\u00e1\u0159\u00ed m\u016f\u017ee b\u00fdt n\u00e1dhern\u00e1. Sta\u010d\u00ed zvolit tu nejlep\u0161\u00ed garderobu a z ka\u017ed\u00e9 \u017eeny se m\u016f\u017ee st\u00e1t n\u011bco skute\u010dn\u011b kr\u00e1sn\u00e9ho a and\u011blsk\u00e9ho. Vynalo\u017ete proto velk\u00e9 \u00fasil\u00ed p\u0159i v\u00fdb\u011bru toho nejlep\u0161\u00edho a v\u011b\u0159te, \u017ee se v\u00e1m to skute\u010dn\u011b vyplat\u00ed v podob\u011b p\u0159\u00edjemn\u00e9ho pocitu a kr\u00e1sn\u00e9ho ob\u0159adu.                                                                                                                                                                                                                                                                                                                                                                                        4.8\/5 - (9 votes)        "},{"@context":"https:\/\/schema.org\/","@type":"BreadcrumbList","itemListElement":[{"@type":"ListItem","position":1,"name":"P\u0159ekvapte sv\u00e9 hosty","item":"https:\/\/www.vekos.cz\/prekvapte-sve-hosty\/#breadcrumbitem"}]}]