[{"@context":"https:\/\/schema.org\/","@type":"Article","@id":"https:\/\/www.vekos.cz\/schodiste-se-zabradlim\/#Article","mainEntityOfPage":"https:\/\/www.vekos.cz\/schodiste-se-zabradlim\/","headline":"Schodi\u0161t\u011b se z\u00e1bradl\u00edm","name":"Schodi\u0161t\u011b se z\u00e1bradl\u00edm","description":"Schodi\u0161t\u011b je zapot\u0159eb\u00ed ke snadn\u00e9 ch\u016fzi do dal\u0161\u00edho patra, tak\u017ee se bez n\u011bj neobejdeme. Z\u00e1rove\u0148 si k n\u011bmu mus\u00edme po\u0159\u00eddit bezpe\u010dn\u011b a pevn\u00e9 z\u00e1bradl\u00ed. Schodi\u0161t\u011b se z\u00e1bradl\u00edm P\u0159ekon\u00e1n\u00ed v\u00fd\u0161kov\u00e9ho rozd\u00edlu Pokud m\u00e1me d\u016fm \u010di byt s n\u011bkolika patry, tak pot\u0159ebujeme m\u00edt zat\u00ed\u017een\u00ed, kter\u00e9 n\u00e1m s t\u00edm pom\u016f\u017ee. V\u00fdtah budeme m\u00edt doma asi t\u011b\u017eko, tak\u017ee jasnou [&hellip;]","datePublished":"2021-03-19","dateModified":"2023-06-05","author":{"@type":"Person","@id":"https:\/\/www.vekos.cz\/author\/#Person","name":"","url":"https:\/\/www.vekos.cz\/author\/","identifier":1,"image":{"@type":"ImageObject","@id":"https:\/\/secure.gravatar.com\/avatar\/c3c8c755425dd2471c09c708679d7ce7419edeb32b4db4bfbe1377eb9462fa49?s=96&d=mm&r=g","url":"https:\/\/secure.gravatar.com\/avatar\/c3c8c755425dd2471c09c708679d7ce7419edeb32b4db4bfbe1377eb9462fa49?s=96&d=mm&r=g","height":96,"width":96}},"publisher":{"@type":"Organization","name":"vekos.cz","logo":{"@type":"ImageObject","@id":"\/logo.png","url":"\/logo.png","width":600,"height":60}},"image":{"@type":"ImageObject","@id":"https:\/\/www.vekos.cz\/wp-content\/uploads\/d%C5%99ev%C4%9Bn%C3%A9%20schody_1.jpg","url":"https:\/\/www.vekos.cz\/wp-content\/uploads\/d%C5%99ev%C4%9Bn%C3%A9%20schody_1.jpg","height":0,"width":0},"url":"https:\/\/www.vekos.cz\/schodiste-se-zabradlim\/","wordCount":473,"articleBody":"        Schodi\u0161t\u011b je zapot\u0159eb\u00ed ke snadn\u00e9 ch\u016fzi do dal\u0161\u00edho patra, tak\u017ee se bez n\u011bj neobejdeme. Z\u00e1rove\u0148 si k n\u011bmu mus\u00edme po\u0159\u00eddit bezpe\u010dn\u011b a pevn\u00e9 z\u00e1bradl\u00ed.Schodi\u0161t\u011b se z\u00e1bradl\u00edmP\u0159ekon\u00e1n\u00ed v\u00fd\u0161kov\u00e9ho rozd\u00edluPokud m\u00e1me d\u016fm \u010di byt s n\u011bkolika patry, tak pot\u0159ebujeme m\u00edt zat\u00ed\u017een\u00ed, kter\u00e9 n\u00e1m s t\u00edm pom\u016f\u017ee. V\u00fdtah budeme m\u00edt doma asi t\u011b\u017eko, tak\u017ee jasnou volbou jsou schody. Ov\u0161em t\u011bch je skute\u010dn\u011b hodn\u011b druh\u016f, tak\u017ee se mus\u00edm dob\u0159e rozhodnou. Je to o tom zhodnotit dan\u00e9 m\u00edsto, proto\u017ee ka\u017ed\u00fd typ schodi\u0161t\u011b m\u00e1 ur\u010dit\u00fd tvar. T\u0159eba klasick\u00e9 rovn\u00e9 zaberou obd\u00e9ln\u00edkov\u00fd tvar a pokud jsou upevn\u011bn\u00e9 ke zdi \u010di zemi a je pro nimi prostor tak pod n\u011b m\u016f\u017eeme d\u00e1t \u00falo\u017en\u00fd prostor.N\u011bkdy zase nen\u00ed na d\u00e9lku tolik m\u00edsta, a proto se vol\u00ed zat\u010den\u00ed sm\u011bru do strany. Samoz\u0159ejm\u011b ka\u017ed\u00e9 schody maj\u00ed ur\u010dit\u00e9 stoup\u00e1n\u00ed a rozm\u011bry, tak\u017ee je dobr\u00e9 se t\u0159eba pod\u00edvat na nab\u00eddku od specializovan\u00e9 spole\u010dnosti a podle n\u00ed v\u0161e p\u0159em\u011b\u0159it a zv\u00e1\u017eit, abychom si ud\u011blali p\u0159edstavu. Dnes jsou nap\u0159\u00edklad modern\u00ed to\u010dit\u00e9 schody, kdy zab\u00edraj\u00ed m\u00e1lo m\u00edsta a maj\u00ed hezk\u00fd design. Na druhou stranu se n\u011bkomu m\u016f\u017ee d\u011blat p\u0159i ch\u016fzi na nich \u0161patn\u011b, a proto\u017ee je to o vyzkou\u0161en\u00ed.Byteln\u00e9 z\u00e1bradl\u00edJestli\u017ee nen\u00ed t\u0159eba schodi\u0161t\u011b mezi st\u011bnami tak rozhodn\u011b pot\u0159ebujeme z\u00e1bradl\u00ed. To krom\u011b designov\u00e9 str\u00e1nky pln\u00ed rozhodn\u011b funkci bezpe\u010dnosti. Kdy\u017e se n\u00e1m toti\u017e zamot\u00e1 hlava, tak se m\u016f\u017eeme pevn\u011b chytit a zabr\u00e1n\u00edme tak nap\u0159\u00edklad \u0161kared\u00e9mu p\u00e1du ze schod\u016f. P\u0159i n\u00e1kupu schodi\u0161t\u011b bychom tedy rozhodn\u011b z\u00e1bradl\u00ed na schodi\u0161t\u011b nem\u011bli podce\u0148ovat, kdy mus\u00edme db\u00e1t na jeho pevn\u00e9 uchycen\u00ed a bytelnou konstrukci. Lid\u00e9, kte\u0159\u00ed maj\u00ed probl\u00e9my t\u0159eba s pohyblivost\u00ed, tak ke z\u00e1bradl\u00ed rozhodn\u011b velk\u00fdm pomocn\u00edkem, proto\u017ee se o n\u011bj m\u016f\u017eou pevn\u011b op\u0159\u00edt a t\u00edm snadno \u010d\u00e1st sv\u00e9 v\u00e1hy p\u0159en\u00e9st na toto za\u0159\u00edzen\u00ed, co\u017e prosp\u011bje i stabilit\u011b na\u0161eho t\u011bla. Modern\u00ed z\u00e1bradl\u00ed jsou skute\u010dn\u011b vzhledov\u011b p\u011bkn\u00e9, a proto rozhodn\u011b m\u016f\u017eou zkr\u00e1\u0161lit n\u00e1\u0161 interi\u00e9r. Tento v\u00fdrobce m\u00e1 opravdu bohat\u00e9 zku\u0161enosti, tak\u017ee pro n\u011bj nejsou p\u0159ek\u00e1\u017ekou ani velk\u00e9 projekty. Se v\u0161\u00edm V\u00e1m m\u016f\u017eou poradit, a proto v p\u0159\u00edpad\u011b jak\u00fdkoliv dotaz\u016f se na ni m\u016f\u017eeme rozhodn\u011b obr\u00e1tit.                                                                                                                                                                                                                                                                                                                                                                                           3.1\/5 - (7 votes)        "},{"@context":"https:\/\/schema.org\/","@type":"BreadcrumbList","itemListElement":[{"@type":"ListItem","position":1,"name":"Schodi\u0161t\u011b se z\u00e1bradl\u00edm","item":"https:\/\/www.vekos.cz\/schodiste-se-zabradlim\/#breadcrumbitem"}]}]