[{"@context":"https:\/\/schema.org\/","@type":"Article","@id":"https:\/\/www.vekos.cz\/slavnostni-vyzdoba-vaseho-domova\/#Article","mainEntityOfPage":"https:\/\/www.vekos.cz\/slavnostni-vyzdoba-vaseho-domova\/","headline":"Slavnostn\u00ed v\u00fdzdoba va\u0161eho domova","name":"Slavnostn\u00ed v\u00fdzdoba va\u0161eho domova","description":"V\u00e1noce p\u0159edstavuj\u00ed sv\u00e1tky, na n\u011b\u017e se t\u011b\u0161\u00ed snad t\u00e9m\u011b\u0159 v\u0161ichni. Jejich nezapomenutelnou atmosf\u00e9ru p\u0159itom m\u016f\u017eete pom\u011brn\u011b snadno podtrhnout v\u00fdzdobou va\u0161eho domova. Slavnostn\u00ed n\u00e1ladu si tak budete p\u0159ipom\u00ednat neust\u00e1le, a\u0165 u\u017e bude za okny po\u010das\u00ed jak\u00e9koliv. Jsou-li V\u00e1noce, pochopiteln\u011b nelze zapomenout na strome\u010dek. I s\u00a0jeho ozdoben\u00edm si p\u0159itom m\u016f\u017eete \u0159\u00e1dn\u011b vyhr\u00e1t. Zapome\u0148te na klasick\u00e9 sklen\u011bn\u00e9 ba\u0148ky [&hellip;]","datePublished":"2023-06-02","dateModified":"2023-06-02","author":{"@type":"Person","@id":"https:\/\/www.vekos.cz\/author\/#Person","name":"","url":"https:\/\/www.vekos.cz\/author\/","identifier":1,"image":{"@type":"ImageObject","@id":"https:\/\/secure.gravatar.com\/avatar\/c3c8c755425dd2471c09c708679d7ce7419edeb32b4db4bfbe1377eb9462fa49?s=96&d=mm&r=g","url":"https:\/\/secure.gravatar.com\/avatar\/c3c8c755425dd2471c09c708679d7ce7419edeb32b4db4bfbe1377eb9462fa49?s=96&d=mm&r=g","height":96,"width":96}},"publisher":{"@type":"Organization","name":"vekos.cz","logo":{"@type":"ImageObject","@id":"\/logo.png","url":"\/logo.png","width":600,"height":60}},"image":{"@type":"ImageObject","@id":"https:\/\/www.vekos.cz\/wp-content\/uploads\/img_a332453_w2395_t1545242515.jpg","url":"https:\/\/www.vekos.cz\/wp-content\/uploads\/img_a332453_w2395_t1545242515.jpg","height":0,"width":0},"url":"https:\/\/www.vekos.cz\/slavnostni-vyzdoba-vaseho-domova\/","wordCount":424,"articleBody":"V\u00e1noce p\u0159edstavuj\u00ed sv\u00e1tky, na n\u011b\u017e se t\u011b\u0161\u00ed snad t\u00e9m\u011b\u0159 v\u0161ichni. Jejich nezapomenutelnou atmosf\u00e9ru p\u0159itom m\u016f\u017eete pom\u011brn\u011b snadno podtrhnout v\u00fdzdobou va\u0161eho domova. Slavnostn\u00ed n\u00e1ladu si tak budete p\u0159ipom\u00ednat neust\u00e1le, a\u0165 u\u017e bude za okny po\u010das\u00ed jak\u00e9koliv.Jsou-li V\u00e1noce, pochopiteln\u011b nelze zapomenout na strome\u010dek. I s\u00a0jeho ozdoben\u00edm si p\u0159itom m\u016f\u017eete \u0159\u00e1dn\u011b vyhr\u00e1t. Zapome\u0148te na klasick\u00e9 sklen\u011bn\u00e9 ba\u0148ky z\u00a0obchodn\u00edch center, nam\u00edsto nich s\u00e1hn\u011bte po ozdoben\u00fdch pern\u00ed\u010dc\u00edch, kter\u00e9 na v\u011btvi\u010dky p\u0159ipevn\u00edte pomoc\u00ed stuh. Stejn\u011b tak m\u016f\u017eete pou\u017e\u00edt i tradi\u010dn\u00ed slam\u011bn\u00e9 a voskov\u00e9 ozdoby \u010di kousky su\u0161en\u00e9ho ovoce, nap\u0159\u00edklad pl\u00e1tky pomeran\u010de. Doc\u00edl\u00edte t\u00edm i p\u0159\u00edjemn\u00e9 a sladk\u00e9 v\u016fn\u011b.V\u00a0souvislosti se zimou a chladn\u00fdmi dny nelze nezm\u00ednit sv\u00ed\u010dky vyd\u00e1vaj\u00edc\u00ed p\u0159\u00edjemn\u00e9 teplo a dokresluj\u00edc\u00ed h\u0159ejivou a \u00fatulnou atmosf\u00e9ru. Nebojte se tedy rozm\u00edstit n\u011bkolik z\u00a0nich po va\u0161em dom\u011b, nemus\u00ed b\u00fdt p\u0159itom \u010dist\u011b sou\u010d\u00e1st\u00ed v\u011bnce. I ten je v\u0161ak nezbytnost\u00ed, p\u0159i\u010dem\u017e si jej m\u016f\u017eete vyrobit i sami. Sta\u010d\u00ed m\u00edt k\u00a0dispozici dostatek v\u011btvi\u010dek jehli\u010dnan\u016f, u\u017e\u00edt v\u0161ak m\u016f\u017eete i prout\u00ed a v\u0161e dozdobit dle vlastn\u00edch p\u0159edstav, nap\u0159\u00edklad su\u0161en\u00fdm ovocem. Nejste-li p\u0159\u00edli\u0161 zru\u010dn\u00ed, bohat\u011b posta\u010d\u00ed, kdy\u017e um\u00edst\u00edte \u010dty\u0159i sv\u00edce na podnos \u010di sklen\u011bn\u00fd t\u00e1c.Ji\u017e zmi\u0148ovan\u00e9 v\u011btvi\u010dky jehli\u010dnan\u016f lze p\u0159itom vyu\u017e\u00edt i na dal\u0161\u00ed v\u00fdzdobu. Nen\u00ed nic snaz\u0161\u00edho ne\u017e p\u0159ipevnit drobn\u00e9 v\u011btvi\u010dky do roh\u016f oken a p\u0159ev\u00e1zat je nap\u0159\u00edklad \u010dervenou stu\u017ekou. Co se t\u00fd\u010de oken, meze va\u0161\u00ed fantazii se nekladou. M\u016f\u017eete nap\u0159\u00edklad pou\u017e\u00edt speci\u00e1ln\u00ed barvy na sklo a pomoc\u00ed \u0161ablon vytvo\u0159it nejr\u016fzn\u011bj\u0161\u00ed obrazce s\u00a0v\u00e1no\u010dn\u00ed t\u00e9matikou. Sta\u010d\u00ed pak pouze po\u010dkat na jejich zaschnut\u00ed a opatrn\u011b je p\u0159en\u00e9st na sklo. Naprostou tradic\u00ed jsou pak pap\u00edrov\u00e9 vlo\u010dky, anebo \u0159et\u011bzy z\u00a0nich. K\u00a0jejich v\u00fdrob\u011b v\u0161ak lze u\u017e\u00edt i su\u0161en\u00e9 ovoce \u010di popcorn, tedy pra\u017eenou kuku\u0159ici. Hotov\u00e9 \u0159et\u011bzy pak lze um\u00edstit prakticky kdekoliv.Nezapome\u0148te ani na tradi\u010dn\u00ed betl\u00e9m, kter\u00fd m\u016f\u017eete zhotovit nap\u0159\u00edklad z\u00a0pap\u00edru.                                                                                                                                                                                                                                                                                                                                                                                        3.3\/5 - (9 votes)        "},{"@context":"https:\/\/schema.org\/","@type":"BreadcrumbList","itemListElement":[{"@type":"ListItem","position":1,"name":"Slavnostn\u00ed v\u00fdzdoba va\u0161eho domova","item":"https:\/\/www.vekos.cz\/slavnostni-vyzdoba-vaseho-domova\/#breadcrumbitem"}]}]