[{"@context":"https:\/\/schema.org\/","@type":"Article","@id":"https:\/\/www.vekos.cz\/trika-se-specialnim-potiskem\/#Article","mainEntityOfPage":"https:\/\/www.vekos.cz\/trika-se-specialnim-potiskem\/","headline":"Trika se speci\u00e1ln\u00edm potiskem","name":"Trika se speci\u00e1ln\u00edm potiskem","description":"Cht\u011bli byste sv\u00e9 rodin\u011b d\u00e1t n\u011bjak\u00fd origin\u00e1ln\u00ed d\u00e1rek? T\u0159eba trika se speci\u00e1ln\u00edm a legra\u010dn\u00edm potiskem, kter\u00fd si nemohou nikde koupit? N\u011bco origin\u00e1ln\u00edho, co se t\u00fdk\u00e1 jen Va\u0161\u00ed rodiny? U n\u00e1s si m\u016f\u017eete po\u0159\u00eddit r\u016fzn\u00e9 druhy reklamn\u00edho textilu u\u017e od jednoho kusu. Tak\u017ee i kdy\u017e m\u00e1 Va\u0161e rodina t\u0159eba jen t\u0159i nebo \u010dty\u0159i \u010dleny, tak si [&hellip;]","datePublished":"2025-08-29","dateModified":"2025-08-29","author":{"@type":"Person","@id":"https:\/\/www.vekos.cz\/author\/#Person","name":"","url":"https:\/\/www.vekos.cz\/author\/","identifier":1,"image":{"@type":"ImageObject","@id":"https:\/\/secure.gravatar.com\/avatar\/c3c8c755425dd2471c09c708679d7ce7419edeb32b4db4bfbe1377eb9462fa49?s=96&d=mm&r=g","url":"https:\/\/secure.gravatar.com\/avatar\/c3c8c755425dd2471c09c708679d7ce7419edeb32b4db4bfbe1377eb9462fa49?s=96&d=mm&r=g","height":96,"width":96}},"publisher":{"@type":"Organization","name":"vekos.cz","logo":{"@type":"ImageObject","@id":"\/logo.png","url":"\/logo.png","width":600,"height":60}},"url":"https:\/\/www.vekos.cz\/trika-se-specialnim-potiskem\/","wordCount":205,"articleBody":"Cht\u011bli byste sv\u00e9 rodin\u011b d\u00e1t n\u011bjak\u00fd origin\u00e1ln\u00ed d\u00e1rek? T\u0159eba trika se speci\u00e1ln\u00edm a legra\u010dn\u00edm potiskem, kter\u00fd si nemohou nikde koupit? N\u011bco origin\u00e1ln\u00edho, co se t\u00fdk\u00e1 jen Va\u0161\u00ed rodiny? U n\u00e1s si m\u016f\u017eete po\u0159\u00eddit r\u016fzn\u00e9 druhy reklamn\u00edho textilu u\u017e od jednoho kusu. Tak\u017ee i kdy\u017e m\u00e1 Va\u0161e rodina t\u0159eba jen t\u0159i nebo \u010dty\u0159i \u010dleny, tak si u n\u00e1s m\u016f\u017eete nechat vyrobit origin\u00e1ln\u00ed trika nebo t\u0159eba i mikiny. Jen vstupte a vyb\u00edrejte. Origin\u00e1ln\u00ed kousky oble\u010den\u00ed K na\u0161emu reklamn\u00edmu textilu V\u00e1m nab\u00edz\u00edme i grafick\u00fd n\u00e1vrh a r\u016fzn\u00e9 technologie tisku nebo v\u00fd\u0161ivky. Tak\u017ee si m\u016f\u017eete nechat vyrobit origin\u00e1ln\u00ed kousky oble\u010den\u00ed, kter\u00e9 nem\u00e1 nikdo jin\u00fd a nikde je nese\u017eene. Na\u0161e spole\u010dnost V\u00e1m nab\u00edz\u00ed velk\u00fd v\u00fdb\u011br r\u016fzn\u00fdch druh\u016f tri\u010dek a poloko\u0161il, mikin, vest a tak\u00e9 \u010depic v n\u011bkolika odst\u00ednech a v r\u016fzn\u00fdch velikostech. Jen nev\u00e1hejte a vstupte k n\u00e1m a vyberte si to, co se V\u00e1m nejv\u00edc l\u00edb\u00ed.                                                                                                                                                                                                                                                                                                                                                                                                "},{"@context":"https:\/\/schema.org\/","@type":"BreadcrumbList","itemListElement":[{"@type":"ListItem","position":1,"name":"Trika se speci\u00e1ln\u00edm potiskem","item":"https:\/\/www.vekos.cz\/trika-se-specialnim-potiskem\/#breadcrumbitem"}]}]