[{"@context":"https:\/\/schema.org\/","@type":"Article","@id":"https:\/\/www.vekos.cz\/vsechno-jak-ma-byt\/#Article","mainEntityOfPage":"https:\/\/www.vekos.cz\/vsechno-jak-ma-byt\/","headline":"V\u0161echno jak m\u00e1 b\u00fdt","name":"V\u0161echno jak m\u00e1 b\u00fdt","description":"P\u0159\u00edchod nov\u00e9ho \u010dlena rodiny je ud\u00e1lost\u00ed dlouhou o\u010dek\u00e1vanou, ale z\u00e1rove\u0148 obdob\u00edm pln\u00fdm nejen t\u011b\u0161en\u00ed se, ale trochu i strachu a obav, jak to v\u0161echno bude fungovat a jak se v\u0161ichni s\u017eijete dohromady. Ano, \u0159e\u010d je o p\u0159\u00edchodu miminka. P\u0159esto\u017ee je to tvor malink\u00fd, p\u0159\u00edpravy na jeho p\u0159\u00edchod prob\u00edhaj\u00ed ji\u017e n\u011bkolik m\u011bs\u00edc\u016f p\u0159edem a budouc\u00ed rodi\u010de [&hellip;]","datePublished":"2019-08-22","dateModified":"2023-06-02","author":{"@type":"Person","@id":"https:\/\/www.vekos.cz\/author\/#Person","name":"","url":"https:\/\/www.vekos.cz\/author\/","identifier":1,"image":{"@type":"ImageObject","@id":"https:\/\/secure.gravatar.com\/avatar\/c3c8c755425dd2471c09c708679d7ce7419edeb32b4db4bfbe1377eb9462fa49?s=96&d=mm&r=g","url":"https:\/\/secure.gravatar.com\/avatar\/c3c8c755425dd2471c09c708679d7ce7419edeb32b4db4bfbe1377eb9462fa49?s=96&d=mm&r=g","height":96,"width":96}},"publisher":{"@type":"Organization","name":"vekos.cz","logo":{"@type":"ImageObject","@id":"\/logo.png","url":"\/logo.png","width":600,"height":60}},"image":{"@type":"ImageObject","@id":"https:\/\/www.vekos.cz\/wp-content\/uploads\/img_a352824_w3268_t1567248293.jpg","url":"https:\/\/www.vekos.cz\/wp-content\/uploads\/img_a352824_w3268_t1567248293.jpg","height":0,"width":0},"url":"https:\/\/www.vekos.cz\/vsechno-jak-ma-byt\/","about":["Domov"],"wordCount":466,"articleBody":"P\u0159\u00edchod nov\u00e9ho \u010dlena rodiny je ud\u00e1lost\u00ed dlouhou o\u010dek\u00e1vanou, ale z\u00e1rove\u0148 obdob\u00edm pln\u00fdm nejen t\u011b\u0161en\u00ed se, ale trochu i strachu a obav, jak to v\u0161echno bude fungovat a jak se v\u0161ichni s\u017eijete dohromady. Ano, \u0159e\u010d je o p\u0159\u00edchodu miminka. P\u0159esto\u017ee je to tvor malink\u00fd, p\u0159\u00edpravy na jeho p\u0159\u00edchod prob\u00edhaj\u00ed ji\u017e n\u011bkolik m\u011bs\u00edc\u016f p\u0159edem a budouc\u00ed rodi\u010de cht\u011bj\u00ed, aby bylo v\u0161echno dokonal\u00e9.V&nbsp;\u010dem je tedy nej\u010dast\u011bj\u0161\u00ed probl\u00e9m p\u0159i za\u0159izov\u00e1n\u00ed a po\u0159izov\u00e1n\u00ed v\u0161eho pot\u0159ebn\u00e9ho? Nej\u010dast\u011bji jste limitov\u00e1ni prostorem a financemi. Pokud m\u00e1te mal\u00fd byt a bojujete s&nbsp;prostorem, je to trochu obt\u00ed\u017en\u011bj\u0161\u00ed ne\u017e kdy\u017e m\u00e1te k&nbsp;dispozici n\u011bkolik v\u011bt\u0161\u00edch m\u00edstnost\u00ed, ale v\u0161echno m\u00e1 svoje \u0159e\u0161en\u00ed.Hlavn\u00ed je za\u010d\u00edt v\u010das a nenechat v\u0161echno na posledn\u00ed chv\u00edli, i z&nbsp;toho d\u016fvodu, \u017ee miminko se ne\u010dekan\u011b ohl\u00e1s\u00ed o n\u011bkolik t\u00fddn\u016f d\u0159\u00edve.Z\u00e1kladem v\u0161eho je post\u00fdlka, i kdy\u017e se dnes \u010dasto setk\u00e1te s&nbsp;rodi\u010di, kte\u0159\u00ed si d\u00edt\u011b berou na span\u00ed k&nbsp;sob\u011b. Ide\u00e1ln\u00ed volbou je post\u00fdlka rostouc\u00ed, kde se d\u00e1 nastavit v\u00fd\u0161ka, p\u0159\u00edpadn\u011b sundat postranice, co\u017e je v\u00fdhoda u v\u011bt\u0161\u00edch d\u011bt\u00ed. Matrace by m\u011bla b\u00fdt ta nejlep\u0161\u00ed, p\u0159\u00edli\u0161 m\u011bkkou nekupujte. Pro ty nejmen\u0161\u00ed je zat\u00edm klasick\u00e1 p\u0159ikr\u00fdvka a pol\u0161t\u00e1\u0159 zbyte\u010dn\u00e1, proto si s&nbsp;t\u00edm hlavu nel\u00e1mejte. Sou\u010d\u00e1st\u00ed post\u00fdlky by m\u011bly b\u00fdt r\u016fzn\u00e9 hra\u010dky, kter\u00e9 se daj\u00ed um\u00edstit tak, aby je d\u00edt\u011b m\u011blo na o\u010d\u00edch.Dal\u0161\u00ed v\u011bc\u00ed, kterou budete pot\u0159ebovat zhruba po dobu dvou let, je m\u00edsto, kde budete d\u00edt\u011b p\u0159ebalovat. V&nbsp;b\u011b\u017en\u00fdch koupeln\u00e1ch zrovna moc m\u00edsta nen\u00ed, dal\u0161\u00edm \u0159e\u0161en\u00edm je um\u00edst\u011bn\u00ed co nejbl\u00ed\u017ee post\u00fdlky. V\u00fd\u0161ku volte podle velikosti toho, kdo bude nej\u010dast\u011bji p\u0159ebalovat, co\u017e je v\u011bt\u0161inou \u017eena. Stejn\u011b tak jste omezeni m\u00edstem co se t\u00fdk\u00e1 samotn\u00e9ho koup\u00e1n\u00ed, pro za\u010d\u00e1tek si vysta\u010d\u00edte s&nbsp;vani\u010dkou a leh\u00e1tkem, aby na n\u011bm mohlo d\u00edt\u011b le\u017eet a vy m\u011bli voln\u00e9 ruce na samotn\u00e9 myt\u00ed.Bez \u010deho se neobejdete ur\u010dit\u011b, je ko\u010d\u00e1rek. V\u00fdb\u011br je opravdu velk\u00fd, dobr\u00e9 je pod\u00edvat se na recenze ko\u010d\u00e1rk\u016f na internetu nebo vych\u00e1zet ze zku\u0161enost\u00ed va\u0161ich zn\u00e1m\u00fdch, jak\u00fd druh ko\u010d\u00e1rku jim vyhovoval.&nbsp;                                                                                                                                                                                                                                                                                                                                                                                        4.4\/5 - (10 votes)        "},{"@context":"https:\/\/schema.org\/","@type":"BreadcrumbList","itemListElement":[{"@type":"ListItem","position":1,"name":"V\u0161echno jak m\u00e1 b\u00fdt","item":"https:\/\/www.vekos.cz\/vsechno-jak-ma-byt\/#breadcrumbitem"}]}]