[{"@context":"https:\/\/schema.org\/","@type":"Article","@id":"https:\/\/www.vekos.cz\/wi-fi-zastavky-v-praze\/#Article","mainEntityOfPage":"https:\/\/www.vekos.cz\/wi-fi-zastavky-v-praze\/","headline":"Wi-fi zast\u00e1vky v Praze !","name":"Wi-fi zast\u00e1vky v Praze !","description":"Probl\u00e9m s nedostupnost\u00ed wifi tedy bezdr\u00e1tov\u00e9ho internetov\u00e9ho sign\u00e1lu na zast\u00e1vk\u00e1ch m\u011bstsk\u00e9 hromadn\u00e9 dopravy je v \u010cesk\u00e9 Republice opravdu aktu\u00e1ln\u00ed probl\u00e9m, kter\u00fd prov\u00e1z\u00ed nejen mlad\u00e9 lidi. \u00a0 N\u011bco co v zahrani\u010d\u00ed b\u00fdv\u00e1 samoz\u0159ejmost\u00ed se v \u010cesku st\u00e1v\u00e1 p\u0159ehnan\u00fdm luxusem, a to samoz\u0159ejm\u011b nem\u00e1m na mysli pouze p\u0159ipojen\u00ed k internetu na zast\u00e1vk\u00e1ch MHD. \u00a0 Ov\u0161em Pra\u017esk\u00fd magistr\u00e1t [&hellip;]","datePublished":"2023-06-02","dateModified":"2023-06-02","author":{"@type":"Person","@id":"https:\/\/www.vekos.cz\/author\/#Person","name":"","url":"https:\/\/www.vekos.cz\/author\/","identifier":1,"image":{"@type":"ImageObject","@id":"https:\/\/secure.gravatar.com\/avatar\/c3c8c755425dd2471c09c708679d7ce7419edeb32b4db4bfbe1377eb9462fa49?s=96&d=mm&r=g","url":"https:\/\/secure.gravatar.com\/avatar\/c3c8c755425dd2471c09c708679d7ce7419edeb32b4db4bfbe1377eb9462fa49?s=96&d=mm&r=g","height":96,"width":96}},"publisher":{"@type":"Organization","name":"vekos.cz","logo":{"@type":"ImageObject","@id":"\/logo.png","url":"\/logo.png","width":600,"height":60}},"image":{"@type":"ImageObject","@id":"https:\/\/www.vekos.cz\/wp-content\/uploads\/img_a298712_w2278_t1508962648.jpg","url":"https:\/\/www.vekos.cz\/wp-content\/uploads\/img_a298712_w2278_t1508962648.jpg","height":0,"width":0},"url":"https:\/\/www.vekos.cz\/wi-fi-zastavky-v-praze\/","wordCount":396,"articleBody":"Probl\u00e9m s nedostupnost\u00ed wifi tedy bezdr\u00e1tov\u00e9ho internetov\u00e9ho sign\u00e1lu na zast\u00e1vk\u00e1ch m\u011bstsk\u00e9 hromadn\u00e9 dopravy je v \u010cesk\u00e9 Republice opravdu aktu\u00e1ln\u00ed probl\u00e9m, kter\u00fd prov\u00e1z\u00ed nejen mlad\u00e9 lidi.\u00a0N\u011bco co v zahrani\u010d\u00ed b\u00fdv\u00e1 samoz\u0159ejmost\u00ed se v \u010cesku st\u00e1v\u00e1 p\u0159ehnan\u00fdm luxusem, a to samoz\u0159ejm\u011b nem\u00e1m na mysli pouze p\u0159ipojen\u00ed k internetu na zast\u00e1vk\u00e1ch MHD.\u00a0Ov\u0161em Pra\u017esk\u00fd magistr\u00e1t nab\u00eddl \u0159e\u0161en\u00ed, kter\u00e9 pot\u011b\u0161\u00ed jist\u011b v\u011bt\u0161inu z n\u00e1s. Poj\u010fme si tedy novinku p\u0159edstavit.\u00a0K dne\u0161n\u00edmu dni se v na\u0161em hlavn\u00edm m\u011bst\u011b p\u0159ipoj\u00ed\u0161 zdarma k wifi na frekventovan\u011bj\u0161\u00edch tramvajov\u00fdch zast\u00e1vk\u00e1ch. Zast\u00e1vka Husineck\u00e1 dostala wifi kab\u00e1t jako prvn\u00ed, nejv\u011bt\u0161\u00ed radost maj\u00ed jist\u011b studenti Vysok\u00e9 \u0161koly ekonomick\u00e9, kter\u00e1 je jen p\u00e1r set metr\u016f zast\u00e1vky.Dal\u0161\u00ed m\u00edsta p\u0159ib\u00fdvaj\u00ed velice rychle a je vysoce pravd\u011bpodobn\u00e9 \u017ee \u010dasem bude disponovat bezdr\u00e1tov\u00fdm p\u0159ipojen\u00edm na zast\u00e1vk\u00e1ch m\u011bstsk\u00e9 hromadn\u00e9 dopravy cel\u00e1 Praha.\u00a0Ve\u0161ker\u00e9 zast\u00e1vky funguj\u00edc\u00ed online m\u00e1 na sv\u011bdom\u00ed projekt Smart City Prague co\u017e v p\u0159ekladu znamen\u00e1 Chytr\u00e9 m\u011bsto Praha. Jedn\u00e1 se o koncept, kter\u00fd m\u00e1 modernizovat metropole po cel\u00e9 Evrop\u011b. Nejedn\u00e1 se tedy pouze o zast\u00e1vky s p\u0159ipojen\u00edm wifi, ale tak\u00e9 mnoho dal\u0161\u00edch projekt\u016f nejenom v Praze. Jedn\u00e1 se nap\u0159\u00edklad o chytr\u00e9 popelnice, lampy nebo nab\u00edje\u010dky elektroaut, kter\u00fdch bude \u010dasem jen a jen p\u0159ib\u00fdvat. Je nuto podotknout \u017ee v\u011bt\u0161ina p\u0159ipravovan\u00fdch roz\u0161\u00ed\u0159en\u00ed a modernizac\u00ed je zat\u00edm pouze ve st\u00e1diu p\u0159\u00edpravy &#8211; tedy na pap\u00edru.\u00a0V Praze m\u016f\u017eeme tak\u00e9 narazit na chytr\u00e9 lavi\u010dky. Jednu z nich m\u016f\u017eeme naj\u00edt nap\u0159\u00edklad na Pu\u0161kinov\u011b n\u00e1m\u011bst\u00ed. Jejich hlavn\u00ed v\u00fdhodou je to, \u017ee funguj\u00ed na sol\u00e1rn\u00ed energii a disponuj\u00ed USB porty d\u00edky kter\u00fdm si zde m\u00e1te mo\u017enost nab\u00edt sv\u00e9 elektronick\u00e9 za\u0159\u00edzen\u00ed.\u00a0 V\u011bt\u0161ina lid\u00ed, hlavn\u011b tedy mlad\u00fdch toto vn\u00edm\u00e1 jako velice u\u017eite\u010dnou pomoc.\u00a0Jedn\u00e1 se o obrovsk\u00fd krok kup\u0159edu, kdy m\u016f\u017eeme pouze b\u00fdt nat\u011b\u0161en\u00ed nebo zv\u011bdav\u00ed co dal\u0161\u00edho si pro n\u00e1s v Praze p\u0159ichystaj\u00ed.                                                                                                                                                                                                                                                                                                                                                                                        4.4\/5 - (10 votes)        "},{"@context":"https:\/\/schema.org\/","@type":"BreadcrumbList","itemListElement":[{"@type":"ListItem","position":1,"name":"Wi-fi zast\u00e1vky v Praze !","item":"https:\/\/www.vekos.cz\/wi-fi-zastavky-v-praze\/#breadcrumbitem"}]}]