[{"@context":"https:\/\/schema.org\/","@type":"Article","@id":"https:\/\/www.vekos.cz\/zbozi-se-posila-v-balicich\/#Article","mainEntityOfPage":"https:\/\/www.vekos.cz\/zbozi-se-posila-v-balicich\/","headline":"Zbo\u017e\u00ed se pos\u00edl\u00e1 v bal\u00edc\u00edch","name":"Zbo\u017e\u00ed se pos\u00edl\u00e1 v bal\u00edc\u00edch","description":"Kdy\u017e chce n\u011bkdo doru\u010dit n\u011bco jin\u00e9mu \u010dlov\u011bku, kter\u00fd nen\u00ed bezprost\u0159edn\u011b v dosahu, vyu\u017e\u00edv\u00e1 k tomu tradi\u010dn\u011b po\u0161tovn\u00ed nebo n\u011bjak\u00e9 kur\u00fdrn\u00ed slu\u017eby. P\u0159ed\u00e1 prost\u011b to, co m\u00e1 b\u00fdt odesl\u00e1no, pat\u0159i\u010dn\u00e9 instituci, zaplat\u00ed j\u00ed po\u017eadovan\u00fd pen\u00edz a m\u016f\u017ee to m\u00edt za vy\u0159\u00edzen\u00e9. Zaplacen\u00ed dopravci u\u017e se postaraj\u00ed, aby to poslan\u00e9 do\u0161lo tam, kam to doj\u00edt m\u00e1. Jen\u017ee [&hellip;]","datePublished":"2021-03-19","dateModified":"2023-06-05","author":{"@type":"Person","@id":"https:\/\/www.vekos.cz\/author\/#Person","name":"","url":"https:\/\/www.vekos.cz\/author\/","identifier":1,"image":{"@type":"ImageObject","@id":"https:\/\/secure.gravatar.com\/avatar\/c3c8c755425dd2471c09c708679d7ce7419edeb32b4db4bfbe1377eb9462fa49?s=96&d=mm&r=g","url":"https:\/\/secure.gravatar.com\/avatar\/c3c8c755425dd2471c09c708679d7ce7419edeb32b4db4bfbe1377eb9462fa49?s=96&d=mm&r=g","height":96,"width":96}},"publisher":{"@type":"Organization","name":"vekos.cz","logo":{"@type":"ImageObject","@id":"\/logo.png","url":"\/logo.png","width":600,"height":60}},"image":{"@type":"ImageObject","@id":"https:\/\/www.vekos.cz\/wp-content\/uploads\/kartonov%C3%A9%20krabice_10_4.jpg","url":"https:\/\/www.vekos.cz\/wp-content\/uploads\/kartonov%C3%A9%20krabice_10_4.jpg","height":0,"width":0},"url":"https:\/\/www.vekos.cz\/zbozi-se-posila-v-balicich\/","about":["V\u00fdrobky"],"wordCount":453,"articleBody":"     Kdy\u017e chce n\u011bkdo doru\u010dit n\u011bco jin\u00e9mu \u010dlov\u011bku, kter\u00fd nen\u00ed bezprost\u0159edn\u011b v dosahu, vyu\u017e\u00edv\u00e1 k tomu tradi\u010dn\u011b po\u0161tovn\u00ed nebo n\u011bjak\u00e9 kur\u00fdrn\u00ed slu\u017eby. P\u0159ed\u00e1 prost\u011b to, co m\u00e1 b\u00fdt odesl\u00e1no, pat\u0159i\u010dn\u00e9 instituci, zaplat\u00ed j\u00ed po\u017eadovan\u00fd pen\u00edz a m\u016f\u017ee to m\u00edt za vy\u0159\u00edzen\u00e9. Zaplacen\u00ed dopravci u\u017e se postaraj\u00ed, aby to poslan\u00e9 do\u0161lo tam, kam to doj\u00edt m\u00e1.Jen\u017ee ne\u017e se takov\u00e1 z\u00e1silka vyd\u00e1 na cestu, mus\u00ed i odes\u00edlatel je\u0161t\u011b n\u011bco u\u010dinit, je\u0161t\u011b na n\u011bco tu nesm\u00ed zapomenout. A t\u00edm n\u011b\u010d\u00edm je n\u00e1le\u017eit\u00e9 zabalen\u00ed takov\u00e9 z\u00e1silky.Je to vlastn\u011b logick\u00e9. Pokud se n\u011bco pos\u00edl\u00e1, mohlo by to cestou p\u0159ij\u00edt z nejr\u016fzn\u011bj\u0161\u00edch d\u016fvod\u016f k \u00fahon\u011b. Mohlo by se to od\u0159\u00edt, otlouct, rozb\u00edt, namo\u010dit, u\u0161pinit\u2026 Je cel\u00e1 \u0159ada rizik, je\u017e by se na tom mohla ne\u017e\u00e1douc\u00edm zp\u016fsobem podepsat. A takov\u00fdm \u0161kod\u00e1m se ned\u00e1 p\u0159edej\u00edt ni\u010d\u00edm jin\u00fdm ne\u017e pr\u00e1v\u011b vhodn\u00fdm zabalen\u00edm takov\u00e9 z\u00e1silky.Nejednou se k tomuto \u00fa\u010delu, tedy k balen\u00ed pos\u00edlan\u00fdch v\u011bc\u00ed, pou\u017e\u00edvaj\u00ed u n\u00e1s u\u017e d\u00e1vno zdom\u00e1cn\u011bl\u00e9 kartonov\u00e9 krabice. A jak v\u0161ichni v\u00edme, do t\u011bch se to zas\u00edlan\u00e9 vlo\u017e\u00ed, uzav\u0159e se to, zabal\u00ed a ode\u0161le. Toti\u017e m\u00e1lem bych zapomn\u011bl na to, \u017ee se to mus\u00ed obvykle tak\u00e9 je\u0161t\u011b nad\u00edt n\u011bjak\u00fdm t\u00edm vycp\u00e1vkov\u00fdm materi\u00e1lem, to aby se ta v\u011bc uvnit\u0159 neotloukla, jsa nezaji\u0161t\u011bn\u00e1 proti ne\u017e\u00e1douc\u00edm pohyb\u016fm.A jak se takov\u00e9 bal\u00edky p\u0159ipravuj\u00ed dnes? Podobn\u011b jako kdysi, ale p\u0159esto ne docela stejn\u011b. Dnes u\u017e jsou tu toti\u017e i nov\u00e9 po\u017eadavky, je\u017e se na takov\u00e9 bal\u00edky kladou.Nap\u0159\u00edklad by se jimi nem\u011blo \u0161kodit p\u0159\u00edrod\u011b, a proto by se m\u011bly pou\u017e\u00edvat v\u00fdlu\u010dn\u011b ekologick\u00e9 obaly https:\/\/www.balteto.cz\/, stejn\u011b jako nem\u00e9n\u011b ekologick\u00fd vycp\u00e1vkov\u00fd materi\u00e1l.Zde nab\u00edzen\u00fd materi\u00e1l je pak p\u0159esn\u011b takov\u00fd, jak\u00fd m\u00e1 b\u00fdt. Tedy ekologick\u00fd. A nejenom ekologick\u00fd. Sou\u010dasn\u011b je i levn\u00fd a lehk\u00fd, co\u017e jsou pochopiteln\u011b rovn\u011b\u017e nesporn\u00e9 p\u0159ednosti. Proto\u017ee kdy\u017e je to levn\u00e9, hrav\u011b si to lze dovolit, a d\u00edky tomu, \u017ee je tento materi\u00e1l lehk\u00fd, se rovn\u011b\u017e zbyte\u010dn\u011b neprodra\u017e\u00ed po\u0161tovn\u00e9 kv\u016fli zbyte\u010dn\u00e9 hmotnosti nav\u00edc.A proto jde o materi\u00e1ly, kter\u00e9 byste ur\u010dit\u011b m\u011bli p\u0159i pos\u00edl\u00e1n\u00ed z\u00e1silek vyu\u017e\u00edvat.                                                                                                                                                                                                                                                                                                                                                                                          3.8\/5 - (9 votes)        "},{"@context":"https:\/\/schema.org\/","@type":"BreadcrumbList","itemListElement":[{"@type":"ListItem","position":1,"name":"Zbo\u017e\u00ed se pos\u00edl\u00e1 v bal\u00edc\u00edch","item":"https:\/\/www.vekos.cz\/zbozi-se-posila-v-balicich\/#breadcrumbitem"}]}]